{"id":479,"date":"2015-07-31T18:13:52","date_gmt":"2015-07-31T18:13:52","guid":{"rendered":"http:\/\/www.afm.org\/?p=479"},"modified":"2016-05-27T18:41:10","modified_gmt":"2016-05-27T18:41:10","slug":"union-yes","status":"publish","type":"post","link":"https:\/\/www.afm.org\/fr\/2015\/07\/union-yes\/","title":{"rendered":"Oui au syndicat"},"content":{"rendered":"<p><span style=\"color: #000000;\"><span style=\"font-family: 'Trebuchet MS', serif;\"><span style=\"font-size: medium;\">Gr\u00e2ce \u00e0 une fructueuse campagne de syndicalisation, les musiciens du th\u00e9\u00e2tre Olney ont vot\u00e9 \u00e0 la majorit\u00e9 en faveur de la mise en place d\u2019un syndicat. 68\u00a0% des musiciens ont dit oui \u00e0 l\u2019AFM lors d\u2019une \u00e9lection men\u00e9e par le National Labor Relations Board.<\/span><\/span><\/span><\/p>\n<p><span style=\"color: #000000;\"><span style=\"font-family: 'Trebuchet MS', serif;\"><span style=\"font-size: medium;\">Alors que la popularit\u00e9 des productions musicales augmentait dans cette salle du Maryland, les musiciens ont pris conscience qu\u2019ils devaient se faire entendre. Malheureusement, ils \u00e9taient exclus du processus de prise de d\u00e9cision, et devaient se satisfaire d\u2019un traitement in\u00e9quitable et de conditions de travail dangereuses.<\/span><\/span><\/span><\/p>\n<p><span style=\"color: #000000;\"><span style=\"font-family: 'Trebuchet MS', serif;\"><span style=\"font-size: medium;\">Ils d\u00e9cid\u00e8rent donc de former un comit\u00e9 pour syndiquer leurs coll\u00e8gues musiciens afin d\u2019am\u00e9liorer leurs conditions de travail et de gagner le respect qu\u2019ils m\u00e9ritent.<\/span><\/span><\/span> <span style=\"color: #000000;\"><span style=\"font-family: 'Trebuchet MS', serif;\"><span style=\"font-size: medium;\">Les musiciens de l\u2019Olney, dont plusieurs adh\u00e8rent d\u00e9j\u00e0 \u00e0 l\u2019AFM, travailleront avec la Section 161-710 de l\u2019AFM au processus de n\u00e9gociations des contrats qui devrait bient\u00f4t avoir lieu.<\/span><\/span><\/span><\/p>","protected":false},"excerpt":{"rendered":"<p>Les musiciens du th\u00e9\u00e2tre Olney ont vot\u00e9 \u00e0 la majorit\u00e9 en faveur de la mise en place d\u2019un syndicat et ont dit oui \u00e0 l\u2019AFM.<\/p>\n","protected":false},"author":1,"featured_media":0,"comment_status":"closed","ping_status":"closed","sticky":false,"template":"","format":"standard","meta":{"_acf_changed":false,"footnotes":""},"categories":[1],"tags":[],"class_list":["post-479","post","type-post","status-publish","format-standard","hentry","category-news"],"acf":[],"_links":{"self":[{"href":"https:\/\/www.afm.org\/fr\/wp-json\/wp\/v2\/posts\/479","targetHints":{"allow":["GET"]}}],"collection":[{"href":"https:\/\/www.afm.org\/fr\/wp-json\/wp\/v2\/posts"}],"about":[{"href":"https:\/\/www.afm.org\/fr\/wp-json\/wp\/v2\/types\/post"}],"author":[{"embeddable":true,"href":"https:\/\/www.afm.org\/fr\/wp-json\/wp\/v2\/users\/1"}],"replies":[{"embeddable":true,"href":"https:\/\/www.afm.org\/fr\/wp-json\/wp\/v2\/comments?post=479"}],"version-history":[{"count":0,"href":"https:\/\/www.afm.org\/fr\/wp-json\/wp\/v2\/posts\/479\/revisions"}],"wp:attachment":[{"href":"https:\/\/www.afm.org\/fr\/wp-json\/wp\/v2\/media?parent=479"}],"wp:term":[{"taxonomy":"category","embeddable":true,"href":"https:\/\/www.afm.org\/fr\/wp-json\/wp\/v2\/categories?post=479"},{"taxonomy":"post_tag","embeddable":true,"href":"https:\/\/www.afm.org\/fr\/wp-json\/wp\/v2\/tags?post=479"}],"curies":[{"name":"wp","href":"https:\/\/api.w.org\/{rel}","templated":true}]}}