{"id":4084,"date":"2019-05-01T17:34:07","date_gmt":"2019-05-01T17:34:07","guid":{"rendered":"https:\/\/www.afm.org\/?p=4084"},"modified":"2019-05-20T17:34:42","modified_gmt":"2019-05-20T17:34:42","slug":"le-bureau-canadien-se-prepare-a-vivre-une-saison-bien-remplie","status":"publish","type":"post","link":"https:\/\/www.afm.org\/fr\/2019\/05\/le-bureau-canadien-se-prepare-a-vivre-une-saison-bien-remplie\/","title":{"rendered":"Le Bureau canadien se pr\u00e9pare \u00e0 vivre une saison bien remplie"},"content":{"rendered":"<p><em>par Alan Willaert, vice-pr\u00e9sident de la FAM pour le Canada<\/em><\/p>\n<p>Le beau temps est \u00e0 nos portes, et il apporte avec lui de nombreuses activit\u00e9s de n\u00e9gociation en vue de la cr\u00e9ation ou du renouvellement de conventions collectives au cours du printemps et de l\u2019\u00e9t\u00e9. \u00c0 cela s\u2019ajoute un calendrier bien rempli de conf\u00e9rences et de congr\u00e9s, \u00e0 commencer par le Congr\u00e8s du travail du Canada, qui c\u00e9l\u00e8bre cette ann\u00e9e le 100<sup>e<\/sup>\u00a0anniversaire de la gr\u00e8ve g\u00e9n\u00e9rale de Winnipeg \u00e0 la mi-mai. Cet \u00e9v\u00e9nement phare de l\u2019histoire du Canada a men\u00e9 \u00e0 de nombreuses r\u00e9formes du droit du travail et marqu\u00e9 le d\u00e9but de l\u2019\u00e2ge d\u2019or du mouvement syndical.<\/p>\n<p>Les c\u00e9l\u00e9brations seront suivies peu apr\u00e8s d\u2019une conf\u00e9rence de la F\u00e9d\u00e9ration internationale des musiciens consacr\u00e9e aux travailleurs autonomes, organis\u00e9e par le Danish Musicians Union. Quelques jours plus tard, nous prendrons le chemin de Las Vegas pour assister aux r\u00e9unions du comit\u00e9 ex\u00e9cutif international de la F\u00e9d\u00e9ration des musiciens des \u00c9tats-Unis et du Canada (FAM), \u00e0 diff\u00e9rentes conf\u00e9rences r\u00e9gionales et au 101<sup>e<\/sup>\u00a0Congr\u00e9s de la FAM.<\/p>\n<p>Peter J.\u00a0Power, le pr\u00e9sident de longue date de la section locale\u00a0571 (Halifax, N.-\u00c9.), s\u2019est \u00e9teint le 5 avril\u00a0dernier. J\u2019ai rencontr\u00e9 Peter pour la premi\u00e8re fois en 1987, alors que j\u2019assistais au Congr\u00e9s de la FAM \u00e0 titre de nouveau d\u00e9l\u00e9gu\u00e9 de la section locale\u00a0467 (Brantford, Ont.). D\u00e8s les premiers instants, j\u2019ai \u00e9t\u00e9 impressionn\u00e9 par ce repr\u00e9sentant qui avait plus \u00e0 c\u0153ur les int\u00e9r\u00eats de ses membres que son titre.<\/p>\n<p>Il n\u2019avait pas toujours le soutien de la majorit\u00e9 pendant les discussions et les d\u00e9bats avec ses pairs. Ceux-ci l\u2019appuyaient rarement, mais le respectaient. J\u2019ai vite constat\u00e9 que Peter ne se contentait pas d\u2019approuver les recommandations et les propositions. Il devait d\u2019abord s\u2019assurer de bien comprendre les cons\u00e9quences de ces mesures sur les membres de la section locale\u00a0571. Il n\u2019agissait jamais en fonction de ses propres int\u00e9r\u00eats, mais plut\u00f4t de ceux des membres de sa section.<\/p>\n<p>Il avait la F\u00e9d\u00e9ration tatou\u00e9e sur le c\u0153ur. S\u2019inspirant de James C.\u00a0Petrillo, ancien pr\u00e9sident de la FAM, il tentait d\u2019incarner ses valeurs. Son style de leadership s\u2019est r\u00e9v\u00e9l\u00e9 efficace au d\u00e9but, mais il a \u00e9ventuellement essuy\u00e9 les critiques des plus jeunes membres de sa section.<\/p>\n<p>Lorsque le Comit\u00e9 des sages a propos\u00e9 d\u2019importantes r\u00e9formes financi\u00e8res en 1991, Peter a jug\u00e9 que les membres de sa section seraient durement touch\u00e9s s\u2019il donnait son appui aux recommandations des comit\u00e9s juridique et des finances de la FAM. Toutefois, un ardent d\u00e9fenseur de la F\u00e9d\u00e9ration tant aux \u00c9tats-Unis qu\u2019au Canada, il avait une vue d\u2019ensemble de la situation. Il a vot\u00e9 dans l\u2019int\u00e9r\u00eat de la majorit\u00e9, sachant qu\u2019il essuierait de vives critiques parmi ses pairs.<\/p>\n<p>Plus tard, j\u2019ai \u00e9t\u00e9 appel\u00e9 \u00e0 me rendre \u00e0 Halifax \u00e0 titre de repr\u00e9sentant international pour proc\u00e9der \u00e0 des audits financiers et op\u00e9rationnels de la section locale. Peter s\u2019est toujours montr\u00e9 coop\u00e9ratif, amical, et accueillant, au point de me prendre en otage le soir venu, me promenant d\u2019une salle de spectacle \u00e0 l\u2019autre pour me pr\u00e9senter aux membres de sa section.<\/p>\n<p>Il portait de nombreux chapeaux \u2013 musicien, animateur, mentor, homme d\u2019\u00c9tat, pr\u00e9sident de comit\u00e9, d\u00e9cideur, lobbyiste, politicien, leader emphatique \u2013, et c\u2019\u00e9tait un ami. Il est souvent difficile d\u2019interagir avec quelqu\u2019un quand la diff\u00e9rence d\u2019\u00e2ge est importante, mais \u00e7a n\u2019a jamais \u00e9t\u00e9 un probl\u00e8me avec Peter. Nous avons partag\u00e9 des moments d\u2019une grande complicit\u00e9. Peter, repose en paix et sache que tu as permis de grands progr\u00e9s pour les musiciens du Canada Atlantique.<\/p>","protected":false},"excerpt":{"rendered":"<p>par Alan Willaert, vice-pr\u00e9sident de la FAM pour le Canada Le beau temps est \u00e0 nos portes, et il apporte avec lui de nombreuses activit\u00e9s de n\u00e9gociation en vue de la cr\u00e9ation ou du renouvellement de conventions collectives au cours du printemps et de l\u2019\u00e9t\u00e9. \u00c0 cela s\u2019ajoute un calendrier bien rempli de conf\u00e9rences et [&hellip;]<\/p>\n","protected":false},"author":3,"featured_media":0,"comment_status":"closed","ping_status":"closed","sticky":false,"template":"","format":"standard","meta":{"_acf_changed":false,"footnotes":""},"categories":[1],"tags":[],"class_list":["post-4084","post","type-post","status-publish","format-standard","hentry","category-news"],"acf":[],"_links":{"self":[{"href":"https:\/\/www.afm.org\/fr\/wp-json\/wp\/v2\/posts\/4084","targetHints":{"allow":["GET"]}}],"collection":[{"href":"https:\/\/www.afm.org\/fr\/wp-json\/wp\/v2\/posts"}],"about":[{"href":"https:\/\/www.afm.org\/fr\/wp-json\/wp\/v2\/types\/post"}],"author":[{"embeddable":true,"href":"https:\/\/www.afm.org\/fr\/wp-json\/wp\/v2\/users\/3"}],"replies":[{"embeddable":true,"href":"https:\/\/www.afm.org\/fr\/wp-json\/wp\/v2\/comments?post=4084"}],"version-history":[{"count":1,"href":"https:\/\/www.afm.org\/fr\/wp-json\/wp\/v2\/posts\/4084\/revisions"}],"predecessor-version":[{"id":4085,"href":"https:\/\/www.afm.org\/fr\/wp-json\/wp\/v2\/posts\/4084\/revisions\/4085"}],"wp:attachment":[{"href":"https:\/\/www.afm.org\/fr\/wp-json\/wp\/v2\/media?parent=4084"}],"wp:term":[{"taxonomy":"category","embeddable":true,"href":"https:\/\/www.afm.org\/fr\/wp-json\/wp\/v2\/categories?post=4084"},{"taxonomy":"post_tag","embeddable":true,"href":"https:\/\/www.afm.org\/fr\/wp-json\/wp\/v2\/tags?post=4084"}],"curies":[{"name":"wp","href":"https:\/\/api.w.org\/{rel}","templated":true}]}}