{"id":4005,"date":"2019-03-01T14:06:33","date_gmt":"2019-03-01T14:06:33","guid":{"rendered":"https:\/\/www.afm.org\/?p=4005"},"modified":"2019-04-04T14:07:50","modified_gmt":"2019-04-04T14:07:50","slug":"changements-a-la-caisse-de-retraite-des-musiciens-du-canada-le-point-sur-lentente-src","status":"publish","type":"post","link":"https:\/\/www.afm.org\/fr\/2019\/03\/changements-a-la-caisse-de-retraite-des-musiciens-du-canada-le-point-sur-lentente-src\/","title":{"rendered":"Changements \u00e0 la Caisse de retraite des musiciens du Canada\/Le point sur l\u2019entente SRC"},"content":{"rendered":"<p><em>par Alan Willaert, vice-pr\u00e9sident de la FAM pour le Canada<\/em><\/p>\n<p>J\u2019ai \u00e9t\u00e9 avis\u00e9 que le fiduciaire de longue date, qui repr\u00e9sentait les employeurs, et pr\u00e9sident de la Caisse de retraite des musiciens du Canada, Stanley J. Shortt, a d\u00e9missionn\u00e9 du conseil des fiduciaires pour des raisons personnelles. Ancien cadre sup\u00e9rieur associ\u00e9 notamment \u00e0 Eaton, Simpson, HBC, le Toronto Symphony Orchestra et le Toronto Centre for the Performing Arts, Shortt a fait partie int\u00e9grante de l\u2019\u00e9quipe pendant pr\u00e8s de 30 ans et s\u2019est toujours attach\u00e9 \u00e0 servir les meilleurs int\u00e9r\u00eats de nos membres.<\/p>\n<p>Heureusement, la Caisse continuera \u00e0 profiter des vastes connaissances et de la longue exp\u00e9rience de son ancienne directrice g\u00e9n\u00e9rale, Ellen Versteeg-Lytwyn, qui a accept\u00e9 de remplacer Shortt \u00e0 la fois comme fiduciaire et comme pr\u00e9sidente. Madame Versteeg-Lytwyn a commenc\u00e9 \u00e0 travailler \u00e0 la Caisse en 1972. Sa connaissance de l\u2019historique du fonds, de son fonctionnement et de l\u2019orientation \u00e0 lui donner afin qu\u2019il reste un des plus grands avantages de l\u2019adh\u00e9sion \u00e0 la FAM, est sans \u00e9gal. Elle a d\u00e9clar\u00e9 r\u00e9cemment \u00ab Je suis fi\u00e8re d\u2019\u00eatre canadienne et de participer \u00e0 cette caisse qui permet d\u2019offrir de si merveilleux b\u00e9n\u00e9fices aux musiciens de notre pays \u00bb.<\/p>\n<p>J\u2019ai fait la connaissance de madame Versteeg-Lytwyn \u00e0 la Conf\u00e9rence canadienne de 1985, \u00e0 Hamilton, en Ontario. Elle venait de pr\u00e9senter son rapport sur l\u2019\u00e9tat de ce qui s\u2019appelait \u00e0 l\u2019\u00e9poque l\u2019American Federation of Musicians and Employers\u2019 Welfare Fund (AFM-EPW). Elle a tout de suite suscit\u00e9 mon respect. Elle m\u2019a \u00e9galement permis de voir pour la premi\u00e8re fois \u00e0 travers les yeux de quelqu\u2019un qui connaissait notre fonds en profondeur et dans ses moindres nuances \u2212 de m\u00eame que des caisses similaires ailleurs dans le monde \u2212 \u00e0 quel point notre caisse de retraite est importante. Je suis absolument ravi d\u2019apprendre qu\u2019elle en assumera la pr\u00e9sidence et que nous continuerons de profiter de ses connaissances, un tr\u00e9sor insondable tel la fosse des Mariannes.<\/p>\n<p><strong>La Soci\u00e9t\u00e9 Radio-Canada (SRC)<\/strong><\/p>\n<p>Tard dans la journ\u00e9e du 7 f\u00e9vrier, apr\u00e8s deux rondes de n\u00e9gociations au Centre de radiodiffusion de Radio-Canada sur la rue Front, \u00e0 Toronto, nous avons conclu une entente de principe avec la SRC. Dans ses grandes lignes, l\u2019entente pr\u00e9voit une augmentation des cachets de 6 % sur quatre ans en plus d\u2019un autre 1,5 % qui s\u2019applique imm\u00e9diatement, donc 7,5 % au total, de m\u00eame que des am\u00e9liorations aux s\u00e9ances d\u2019enregistrement des indicatifs musicaux portant sur la dur\u00e9e et le temps suppl\u00e9mentaire. Nous avons \u00e9tabli une formule de licence qui permettra la publication des merveilleuses archives musicales de la SRC, et le contenu mis \u00e0 la disposition des services de diffusion en continu a fait l\u2019objet d\u2019une clarification de mani\u00e8re \u00e0 valoir<br \/>\n7,5 % du revenu brut du distributeur, somme \u00e0 partager entre les membres sous contrat.<\/p>\n<p>Je remercie du fond du c\u0153ur les membres de notre \u00e9quipe de n\u00e9gociation, qui ont travaill\u00e9 tr\u00e8s fort et avec beaucoup d\u2019engagement. Il s\u2019agit de Dusty Kelly, secr\u00e9taire de la section locale 145 (Vancouver, C.-B.), Michael Murray, directeur g\u00e9n\u00e9ral de la section 149 (Toronto, Ont.), Robin Moir, secr\u00e9taire tr\u00e9sori\u00e8re de la section 180 (Ottawa, Ont.), Eddy Bayens, pr\u00e9sident de la section 390 (Edmonton, Alb.), Luc Fortin, pr\u00e9sident de la section 406 (Montr\u00e9al, Qu\u00e9.), Doug Kuss, secr\u00e9taire tr\u00e9sorier de la section 547 (Calgary, Alb.), Varun Vyas, secr\u00e9taire tr\u00e9sorier de la section 571 (Halifax, N.-\u00c9.) et Tino Gagliardi, membre du conseil de direction international de la FAM. Nous avons \u00e9galement profit\u00e9 des commentaires de Robbie Grunwald et Terrence Lo, deux membres actifs de la section 149, donc bien branch\u00e9s sur la r\u00e9alit\u00e9 des musiciens.<\/p>\n<p>Je remercie tout sp\u00e9cialement la directrice de l\u2019administration de la FCM, Susan Whitfield, qui a \u00e9t\u00e9 notre scribe et communicatrice de m\u00eame que notre th\u00e9rapeute d\u2019urgence dans les moments de stress aigu. Elle est une organisatrice hors pair ce qui permet aux autres membres de l\u2019\u00e9quipe de donner le meilleur d\u2019eux-m\u00eames.<\/p>\n<p>\u00c0 la fin de f\u00e9vrier, nous serons de retour \u00e0 la table des n\u00e9gociations, cette fois pour une nouvelle ronde avec la Canadian Media Producers\u2019 Association. Bien que ce processus sera lent et exigeant \u00e9motionnellement, c\u2019est l\u2019objectif final qui compte : obtenir des cachets et avantages appropri\u00e9s pour nos membres sous contrat. C\u2019est la chose \u00e0 faire.<\/p>","protected":false},"excerpt":{"rendered":"<p>par Alan Willaert, vice-pr\u00e9sident de la FAM pour le Canada J\u2019ai \u00e9t\u00e9 avis\u00e9 que le fiduciaire de longue date, qui repr\u00e9sentait les employeurs, et pr\u00e9sident de la Caisse de retraite des musiciens du Canada, Stanley J. Shortt, a d\u00e9missionn\u00e9 du conseil des fiduciaires pour des raisons personnelles. Ancien cadre sup\u00e9rieur associ\u00e9 notamment \u00e0 Eaton, Simpson, [&hellip;]<\/p>\n","protected":false},"author":3,"featured_media":0,"comment_status":"closed","ping_status":"closed","sticky":false,"template":"","format":"standard","meta":{"_acf_changed":false,"footnotes":""},"categories":[1],"tags":[],"class_list":["post-4005","post","type-post","status-publish","format-standard","hentry","category-news"],"acf":[],"_links":{"self":[{"href":"https:\/\/www.afm.org\/fr\/wp-json\/wp\/v2\/posts\/4005","targetHints":{"allow":["GET"]}}],"collection":[{"href":"https:\/\/www.afm.org\/fr\/wp-json\/wp\/v2\/posts"}],"about":[{"href":"https:\/\/www.afm.org\/fr\/wp-json\/wp\/v2\/types\/post"}],"author":[{"embeddable":true,"href":"https:\/\/www.afm.org\/fr\/wp-json\/wp\/v2\/users\/3"}],"replies":[{"embeddable":true,"href":"https:\/\/www.afm.org\/fr\/wp-json\/wp\/v2\/comments?post=4005"}],"version-history":[{"count":1,"href":"https:\/\/www.afm.org\/fr\/wp-json\/wp\/v2\/posts\/4005\/revisions"}],"predecessor-version":[{"id":4006,"href":"https:\/\/www.afm.org\/fr\/wp-json\/wp\/v2\/posts\/4005\/revisions\/4006"}],"wp:attachment":[{"href":"https:\/\/www.afm.org\/fr\/wp-json\/wp\/v2\/media?parent=4005"}],"wp:term":[{"taxonomy":"category","embeddable":true,"href":"https:\/\/www.afm.org\/fr\/wp-json\/wp\/v2\/categories?post=4005"},{"taxonomy":"post_tag","embeddable":true,"href":"https:\/\/www.afm.org\/fr\/wp-json\/wp\/v2\/tags?post=4005"}],"curies":[{"name":"wp","href":"https:\/\/api.w.org\/{rel}","templated":true}]}}