{"id":3656,"date":"2018-10-01T12:14:44","date_gmt":"2018-10-01T12:14:44","guid":{"rendered":"https:\/\/www.afm.org\/?p=3656"},"modified":"2018-10-04T12:16:50","modified_gmt":"2018-10-04T12:16:50","slug":"la-federation-canadienne-des-musiciens-le-point-sur-les-negociations","status":"publish","type":"post","link":"https:\/\/www.afm.org\/fr\/2018\/10\/la-federation-canadienne-des-musiciens-le-point-sur-les-negociations\/","title":{"rendered":"La F\u00e9d\u00e9ration canadienne des musiciens\u00a0: le point sur les n\u00e9gociations"},"content":{"rendered":"<p><em>par Alan Willaert, vice-pr\u00e9sident de la FAM pour le Canada<\/em><\/p>\n<p>Cette ann\u00e9e, l\u2019\u00e9t\u00e9 et l\u2019automne se sont av\u00e9r\u00e9s charg\u00e9s en mati\u00e8re de n\u00e9gociations. C\u2019est un travail \u00e9puisant, mais nous consid\u00e9rons que c\u2019est l\u2019occasion d\u2019am\u00e9liorer les cachets et les b\u00e9n\u00e9fices de nos membres qui travaillent selon les termes des ententes vis\u00e9es.<\/p>\n<p>Prix de la musique country<br \/>\ncanadienne<\/p>\n<p>Un accord a \u00e9t\u00e9 conclu avec l\u2019Association de la musique country canadienne pour la Semaine de la musique country qui se tiendra du 5 au 9 septembre, \u00e0 Hamilton, en Ontario. L\u2019accord couvre les prestations dans diff\u00e9rents lieux de pr\u00e9sentation au cours de la semaine qui pr\u00e9c\u00e8de le gala de remise des prix. Nous avons obtenu un cachet minimum de 200 $ par musicien assorti d\u2019une contribution de<br \/>\n10 % \u00e0 la caisse de retraite. Pour le gala lui-m\u00eame, radiodiffus\u00e9 \u00e0 l\u2019\u00e9chelle nationale, nous avons produit une lettre d\u2019adh\u00e9sion des producteurs \u00e0 l\u2019Entente g\u00e9n\u00e9rale de production.<\/p>\n<p>Une autre disposition de l\u2019accord pr\u00e9voit que la F\u00e9d\u00e9ration dispose d\u2019un kiosque pr\u00e8s de la zone d\u2019inscription, l\u00e0 o\u00f9 le potentiel d\u2019achalandage est le plus \u00e9lev\u00e9 pendant la conf\u00e9rence. Rosalyn Dennett, du Bureau canadien, a pr\u00eat\u00e9 main-forte aux membres du conseil de direction de la section locale 293 pour l\u2019accueil des musiciens et l\u2019explication des services et b\u00e9n\u00e9fices qu\u2019offre la F\u00e9d\u00e9ration \u00e0 ses membres.<\/p>\n<p>J\u2019aimerais remercier les membres de l\u2019\u00e9quipe de n\u00e9gociation, qui \u00e9tait compos\u00e9e de Brent Malseed, secr\u00e9taire-tr\u00e9sorier de la section 293 (Hamilton, Ont.), de Larry Feudo, pr\u00e9sident de cette m\u00eame section, et de Dan Calabrese, superviseur des m\u00e9dias \u00e9lectroniques \u00e0 la FCM. Je remercie tout sp\u00e9cialement Doug Kuss, secr\u00e9taire-tr\u00e9sorier de la section 547 (Calgary, Alb.) et Warren Rutherford, secr\u00e9taire de la section 553 (Saskatoon, Sask.) pour leur pr\u00e9cieux apport \u00e0 nos discussions.<\/p>\n<p>Soci\u00e9t\u00e9 Radio-Canada<\/p>\n<p>L\u2019Entente g\u00e9n\u00e9rale de production avec la Soci\u00e9t\u00e9 Radio-Canada (SRC) expire le 30\u00a0septembre; nous avons pr\u00e9vu une semaine compl\u00e8te de n\u00e9gociation \u00e0 la fin de ce m\u00eame mois. L\u2019\u00e9quipe de la FCM sera compos\u00e9e de repr\u00e9sentants des principaux centres de radiodiffusion au pays de m\u00eame que de simples membres.<\/p>\n<p>Canadian Media Producers Association<\/p>\n<p>Nous avons tenu deux rondes de n\u00e9gociations avec la Canadian Media Producers Association (CMPA), la premi\u00e8re \u00e0 Vancouver et l\u2019autre \u00e0 Toronto. Comme il s\u2019agit d\u2019\u00e9laborer une premi\u00e8re entente pour la production ind\u00e9pendante, les progr\u00e8s sont lents. Notre demande d\u2019un pourcentage des revenus li\u00e9s \u00e0 la diffusion en continu fait l\u2019objet d\u2019une r\u00e9sistance significative. De plus, certaines demandes des producteurs sont extr\u00eames, telles qu\u2019un cachet unique pour l\u2019achat de tous les droits d\u2019utilisation de la musique sans \u00e9gard au m\u00e9dia ni au type de production, et ce, \u00e0 l\u2019\u00e9chelle mondiale, \u00e0 perp\u00e9tuit\u00e9. Il y a d\u2019autres questions majeures en jeu sur lesquelles je ne m\u2019\u00e9tendrai pas pour l\u2019instant.<\/p>\n<p>Heureusement, le pr\u00e9sident de la FAM, Ray Hair, et le pr\u00e9sident de la section 802 (ville de New York) et membre du conseil ex\u00e9cutif international de la FAM, Tino Gagliardi, se sont joints \u00e0 nous \u00e0 la table. Nous appr\u00e9cions leur participation et leur expertise.<\/p>\n<p>T\u00e9l\u00e9vision r\u00e9seau<\/p>\n<p>Nous avons report\u00e9 les n\u00e9gociations avec Bell Media, Corus Entertainment et Rogers Communications en raison de celles en cours avec la SRC et la CMPA. En effet, la conclusion de ces deux ententes aura une incidence directe sur les termes, cachets et conditions que nous proposerons aux radiodiffuseurs. Les trois grands ayant accept\u00e9 de n\u00e9gocier ensemble, une fois le travail termin\u00e9, nous aurons une entente unique pour les radiodiffuseurs traditionnels les plus importants. Toutefois, je crois que la route sera longue.<\/p>\n<p>TVOntario et T\u00e9l\u00e9vision fran\u00e7aise de l\u2019Ontario<\/p>\n<p>Nous avons contact\u00e9 les deux cha\u00eenes \u00e9ducatives de l\u2019Ontario, c\u2019est-\u00e0-dire TVOntario et T\u00e9l\u00e9vision fran\u00e7aise de l\u2019Ontario, mais aucun calendrier de n\u00e9gociation n\u2019est encore fix\u00e9. Le d\u00e9lai pour la ren\u00e9gociation \u00e9tant \u00e9chu, ce sera une de nos priorit\u00e9s.<\/p>\n<p>J\u2019esp\u00e8re avoir de bonnes nouvelles \u00e0 vous donner au cours des prochains mois.<\/p>\n<p><em>Animant le kiosque de la F\u00e9d\u00e9ration canadienne des musiciens lors de la Semaine de la musique country de l\u2019Association de la musique country canadienne : Larry Feudo, pr\u00e9sident de la section locale 293 (Hamilton, Ont.), Rosalyn Dennett, repr\u00e9sentante du Bureau canadien de la FAM, et Brent Malseed, secr\u00e9taire-tr\u00e9sorier de la section 293.<\/em><\/p>","protected":false},"excerpt":{"rendered":"<p>par Alan Willaert, vice-pr\u00e9sident de la FAM pour le Canada Cette ann\u00e9e, l\u2019\u00e9t\u00e9 et l\u2019automne se sont av\u00e9r\u00e9s charg\u00e9s en mati\u00e8re de n\u00e9gociations. C\u2019est un travail \u00e9puisant, mais nous consid\u00e9rons que c\u2019est l\u2019occasion d\u2019am\u00e9liorer les cachets et les b\u00e9n\u00e9fices de nos membres qui travaillent selon les termes des ententes vis\u00e9es. Prix de la musique country [&hellip;]<\/p>\n","protected":false},"author":3,"featured_media":0,"comment_status":"closed","ping_status":"closed","sticky":false,"template":"","format":"standard","meta":{"_acf_changed":false,"footnotes":""},"categories":[1],"tags":[],"class_list":["post-3656","post","type-post","status-publish","format-standard","hentry","category-news"],"acf":[],"_links":{"self":[{"href":"https:\/\/www.afm.org\/fr\/wp-json\/wp\/v2\/posts\/3656","targetHints":{"allow":["GET"]}}],"collection":[{"href":"https:\/\/www.afm.org\/fr\/wp-json\/wp\/v2\/posts"}],"about":[{"href":"https:\/\/www.afm.org\/fr\/wp-json\/wp\/v2\/types\/post"}],"author":[{"embeddable":true,"href":"https:\/\/www.afm.org\/fr\/wp-json\/wp\/v2\/users\/3"}],"replies":[{"embeddable":true,"href":"https:\/\/www.afm.org\/fr\/wp-json\/wp\/v2\/comments?post=3656"}],"version-history":[{"count":1,"href":"https:\/\/www.afm.org\/fr\/wp-json\/wp\/v2\/posts\/3656\/revisions"}],"predecessor-version":[{"id":3659,"href":"https:\/\/www.afm.org\/fr\/wp-json\/wp\/v2\/posts\/3656\/revisions\/3659"}],"wp:attachment":[{"href":"https:\/\/www.afm.org\/fr\/wp-json\/wp\/v2\/media?parent=3656"}],"wp:term":[{"taxonomy":"category","embeddable":true,"href":"https:\/\/www.afm.org\/fr\/wp-json\/wp\/v2\/categories?post=3656"},{"taxonomy":"post_tag","embeddable":true,"href":"https:\/\/www.afm.org\/fr\/wp-json\/wp\/v2\/tags?post=3656"}],"curies":[{"name":"wp","href":"https:\/\/api.w.org\/{rel}","templated":true}]}}