{"id":3084,"date":"2017-10-01T12:45:38","date_gmt":"2017-10-01T12:45:38","guid":{"rendered":"http:\/\/www.afm.org\/?p=3084"},"modified":"2019-06-05T13:19:53","modified_gmt":"2019-06-05T13:19:53","slug":"musiciens-de-brokeout-west-fauches","status":"publish","type":"post","link":"https:\/\/www.afm.org\/fr\/2017\/10\/musiciens-de-brokeout-west-fauches\/","title":{"rendered":"Musiciens de BrokeOut West \u00abfauch\u00e9s\u00bb"},"content":{"rendered":"<p><em>par Alan Willaert, vice-pr\u00e9sident de l\u2019AFM pour le Canada<\/em><\/p>\n<p>Au moment d\u2019\u00e9crire ces lignes, je descends tout juste d\u2019un avion en provenance d\u2019Edmonton, en Alberta, o\u00f9 j\u2019ai pass\u00e9 les derniers jours; j\u2019y ai organis\u00e9 un rallye, accord\u00e9 des entrevues aux journalistes de la presse \u00e9crite et de la radio et rencontr\u00e9 un politicien membre du Nouveau Parti d\u00e9mocratique (NPD), qui forme l\u2019actuel gouvernement. Toutes ces activit\u00e9s visaient \u00e0 maintenir la pression sur la\u00a0 Western Canadian Music Alliance (WCMA) en vue d\u2019obtenir une entente relativement \u00e0 son festival de musique, BreakOut West (BOW).<\/p>\n<p>Comme je l\u2019ai dit dans le pass\u00e9, la WCMA dispose d\u2019un budget de fonctionnement d\u2019environ 600 000 $ dont une portion substantielle provient de subventions et d\u2019autres formes de financement accord\u00e9es par divers gouvernements, en plus de commandites priv\u00e9es. La WCMA n\u2019a pas le choix que de r\u00e9mun\u00e9rer \u00e9quitablement ses t\u00eates d\u2019affiche, car ce sont elles\u00a0 qui garantissent la reconnaissance du festival, mais la grande majorit\u00e9 des musiciens ne re\u00e7oivent aucun cachet. Les ententes pr\u00e9c\u00e9dentes pr\u00e9voyaient bel et bien des cachets, mais l\u2019administration de BOW a chang\u00e9 son \u00ab mod\u00e8le d\u2019affaires \u00bb de fa\u00e7on \u00e0 rabaisser encore plus les musiciens.<\/p>\n<p>Ce type d\u2019injustice sociale pose probl\u00e8me non seulement pour les musiciens, mais bien pour tous les travailleurs canadiens. C\u2019est pourquoi nous avons approch\u00e9 la F\u00e9d\u00e9ration du travail de l\u2019Alberta (AFL) pour leur demander de nous aider. Ils ont accept\u00e9 avec enthousiasme, notre message s\u2019inscrivant tr\u00e8s bien dans la campagne nationale en faveur du salaire minimum de 15 $ l\u2019heure organis\u00e9e par le Congr\u00e8s du travail du Canada (CTC). Les membres de l\u2019AFL ont particip\u00e9 \u00e0 la production de pancartes th\u00e9matiques et de feuillets \u00e0 distribuer, ont lanc\u00e9 un appel \u00e0 l\u2019action \u00e0 leurs syndicats affili\u00e9s et aux m\u00e9dias pour annoncer la date et l\u2019heure du rallye et amen\u00e9 les membres de leur personnel comme participants.<\/p>\n<p>Un merci tout particulier aux membres de l\u2019Edmonton Symphony Orchestra qui ont sacrifi\u00e9 leur temps de pause pour venir grossir nos rangs\u00a0\u00e0 plus de 50 afin d\u2019occuper la rue devant l\u2019h\u00f4tel h\u00f4te de BOW. De plus, dans un geste de solidarit\u00e9 \u00e9tonnant, le grand pianiste international de jazz P.J. Perry et l\u2019artiste de blues Graham Guest de la section locale 390 (Edmonton, Alb.) se sont joints \u00e0 nous. Scandant des messages en faveur de la r\u00e9mun\u00e9ration de l\u2019ensemble des musiciens et non de certains individus seulement, notre groupe a r\u00e9ussi \u00e0 lancer un message fort.<\/p>\n<p>J\u2019aimerais \u00e9galement remercier le directeur de la syndicalisation de l\u2019 AFM, Michael Manley, de m\u00eame que le n\u00e9gociateur de l\u2019AFM, Todd Jelen, ainsi que l\u2019administrateur des contrats de m\u00e9dias \u00e9lectroniques de l\u2019AFM Canada, Dan Calabrese, qui a rassembl\u00e9 le personnel local de l\u2019AFM.\u00a0 Un merci sp\u00e9cial aussi au pr\u00e9sident de la section 390, E. Eddy Bayens, et \u00e0 la secr\u00e9taire, Edith Stacey, pour leur aide et leurs appels aux membres, et au secr\u00e9taire-tr\u00e9sorier de la section 547 qui a consacr\u00e9 sa journ\u00e9e \u00e0 se d\u00e9placer pour venir soutenir notre activit\u00e9.<\/p>\n<p>Apr\u00e8s le rallye, Bayens et moi avons rencontr\u00e9 un d\u00e9put\u00e9 afin de lui faire comprendre que le gouvernement commet une erreur en ne faisant pas plus attention \u00e0 qui il accorde des subventions. On peut esp\u00e9rer que la situation sera corrig\u00e9e, car le NPD est au pouvoir actuellement en Alberta, et nous leur avons bien fait comprendre que les musiciens ne recevaient pas un sou, m\u00eame pas le salaire minimum requis par la loi.<\/p>\n<p>Cette manifestation de solidarit\u00e9 n\u2019est que le d\u00e9but de l\u2019histoire; il faut maintenant exercer des pressions sur tous les commanditaires du festival afin de garantir que, l\u2019ann\u00e9e prochaine, il se tienne dans le cadre d\u2019une entente avec la FCM ou ne se tienne pas. \u00c0 vous, nos membres, je demande de bien prendre note que la WCMA est toujours sur notre liste noire internationale. Jusqu\u2019\u00e0 nouvel ordre, n\u2019acceptez aucun contrat avec cette organisation ou ses affili\u00e9s, pour quelque prestation que ce soit.<\/p>","protected":false},"excerpt":{"rendered":"<p>par Alan Willaert, vice-pr\u00e9sident de l\u2019AFM pour le Canada Au moment d\u2019\u00e9crire ces lignes, je descends tout juste d\u2019un avion en provenance d\u2019Edmonton, en Alberta, o\u00f9 j\u2019ai pass\u00e9 les derniers jours; j\u2019y ai organis\u00e9 un rallye, accord\u00e9 des entrevues aux journalistes de la presse \u00e9crite et de la radio et rencontr\u00e9 un politicien membre du [&hellip;]<\/p>\n","protected":false},"author":3,"featured_media":0,"comment_status":"closed","ping_status":"closed","sticky":false,"template":"","format":"standard","meta":{"_acf_changed":false,"footnotes":""},"categories":[1],"tags":[],"class_list":["post-3084","post","type-post","status-publish","format-standard","hentry","category-news"],"acf":[],"_links":{"self":[{"href":"https:\/\/www.afm.org\/fr\/wp-json\/wp\/v2\/posts\/3084","targetHints":{"allow":["GET"]}}],"collection":[{"href":"https:\/\/www.afm.org\/fr\/wp-json\/wp\/v2\/posts"}],"about":[{"href":"https:\/\/www.afm.org\/fr\/wp-json\/wp\/v2\/types\/post"}],"author":[{"embeddable":true,"href":"https:\/\/www.afm.org\/fr\/wp-json\/wp\/v2\/users\/3"}],"replies":[{"embeddable":true,"href":"https:\/\/www.afm.org\/fr\/wp-json\/wp\/v2\/comments?post=3084"}],"version-history":[{"count":1,"href":"https:\/\/www.afm.org\/fr\/wp-json\/wp\/v2\/posts\/3084\/revisions"}],"predecessor-version":[{"id":4120,"href":"https:\/\/www.afm.org\/fr\/wp-json\/wp\/v2\/posts\/3084\/revisions\/4120"}],"wp:attachment":[{"href":"https:\/\/www.afm.org\/fr\/wp-json\/wp\/v2\/media?parent=3084"}],"wp:term":[{"taxonomy":"category","embeddable":true,"href":"https:\/\/www.afm.org\/fr\/wp-json\/wp\/v2\/categories?post=3084"},{"taxonomy":"post_tag","embeddable":true,"href":"https:\/\/www.afm.org\/fr\/wp-json\/wp\/v2\/tags?post=3084"}],"curies":[{"name":"wp","href":"https:\/\/api.w.org\/{rel}","templated":true}]}}