{"id":2478,"date":"2017-01-17T15:37:45","date_gmt":"2017-01-17T15:37:45","guid":{"rendered":"http:\/\/www.afm.org\/?p=2478"},"modified":"2017-01-30T15:38:03","modified_gmt":"2017-01-30T15:38:03","slug":"les-orchestres-du-canada-celebrent-le-150e-anniversaire-du-pays","status":"publish","type":"post","link":"https:\/\/www.afm.org\/fr\/2017\/01\/les-orchestres-du-canada-celebrent-le-150e-anniversaire-du-pays\/","title":{"rendered":"Les orchestres du Canada c\u00e9l\u00e8brent le 150e anniversaire du pays"},"content":{"rendered":"<p><em>par Robert Fraser, pr\u00e9sident de l\u2019OMOSC et membre de la section locale 247 (Victoria, C.-B.)<\/em><\/p>\n<p>L\u2019ann\u00e9e 2017 marque le sesquicentenaire (logophiles et joueurs de Scrabble, prenez ce mot en note!) de la Conf\u00e9d\u00e9ration. \u00c0 cette occasion, les orchestres de partout au Canada rendront hommage \u00e0 notre riche patrimoine musical. Le projet le plus ambitieux est sans doute Mosa\u00efque canadienne du Toronto Symphony Orchestra. B\u00e9n\u00e9ficiant du soutien financier du minist\u00e8re du Patrimoine cana- dien, le projet est d\u00e9crit en ces mots sur le site Web de l\u2019orchestre : \u00ab Mosa\u00efque canadienne du TSO, un projet Signature pancanadienne de Canada 150, comprend la cr\u00e9ation de nouvelles \u0153uvres de compositeurs canadiens, une c\u00e9l\u00e9bration des \u0153uvres et des artistes canadiens, des ressources num\u00e9riques pour toutes les g\u00e9n\u00e9rations et une collaboration orchestrale \u00e0 l\u2019\u00e9chelle du pays. \u00bb<\/p>\n<p>Le projet est g\u00e9r\u00e9 depuis Toronto, mais concerne plus de 40 orchestres canadiens qui participent \u00e0 des projets de toutes sortes, dont des commandes d\u2019oeuvres (de petite et de grande envergure, notamment plus de 38 fan- fares compos\u00e9es pour le sesquicentenaire, des<\/p>\n<p>\u00ab sesquies \u00bb) et des hommages \u00e0 de\u00a0\u00a0 grands<\/p>\n<p>compositeurs canadiens du pass\u00e9. Le projet comporte \u00e9galement un vaste volet \u00e9ducatif avec des ressources sur le Web, comme des diffusions en continu et des guides d\u2019\u00e9coute. Pour tout savoir au sujet de Mosa\u00efque cana- dienne, visitez mosaiquecanadienne.tso.ca.<\/p>\n<p>Au moment d\u2019\u00e9crire ces lignes, deux de nos orchestres membres ont annonc\u00e9 leur pr\u00e9sence sur la sc\u00e8ne mondiale en 2017. Le Toronto Symphony Orchestra effectuera une tourn\u00e9e en Europe et en Isra\u00ebl avec concerts \u00e0 J\u00e9rusalem, Tel-Aviv, Prague, Vienne, Ratis- bonne et Essen. Et pour la premi\u00e8re fois en 36 ans d\u2019existence, l\u2019Orchestre M\u00e9tropolitain de Montr\u00e9al entreprendra une tourn\u00e9e de six villes en Europe, soit Rotterdam, Amsterdam, Dortmund, Cologne, Hambourg et Paris sous la direction de son chef attitr\u00e9, Yannick N\u00e9zet-S\u00e9guin.<\/p>\n<p>Parlant de Montr\u00e9al, la ville c\u00e9l\u00e9brera son 375e anniversaire en 2017 et accueillera la quatri\u00e8me Conf\u00e9rence internationale des orchestres de la F\u00e9d\u00e9ration internationale des musiciens, du 11 au 14 mai. Un article<\/p>\n<p>y sera consacr\u00e9 dans un prochain num\u00e9ro d\u2019<em>International <\/em><em>Musician<\/em>, mais inscrivez tout de suite ces dates \u00e0 votre calendrier. La conf\u00e9- rence offre aux membres de l\u2019AFM l\u2019occasion de rencontrer des musiciens de partout dans le monde. Si vous \u00eates musicien d\u2019orchestre, tentez de lib\u00e9rer votre horaire pour y assister.<\/p>\n<p>Enfin, l\u2019OMOSC tiendra sa conf\u00e9rence an- nuelle dans la r\u00e9gion de la Capitale nationale, du c\u00f4t\u00e9 qu\u00e9b\u00e9cois de la rivi\u00e8re des Outaouais, \u00e0 l\u2019h\u00f4tel Four Points Sheraton de Gatineau, du 14 au 18 ao\u00fbt. Comme toujours, tous les musiciens de nos orchestres membres sont les bienvenus. Ne manquez pas d\u2019inscrire ces dates \u00e0 votre calendrier.<\/p>\n<p>Si vous souhaitez suivre la sc\u00e8ne orchestrale au Canada, l\u2019OMOSC publie toutes les deux semaines un bulletin r\u00e9capitulatif qui peut \u00eatre consult\u00e9 sur son site Web (ocsm-omosc. org) et ses pages de r\u00e9seaux sociaux. En plus des derni\u00e8res nouvelles sur les orchestres canadiens, le bulletin contient des liens vers des articles du monde de la musique qui s\u2019adressent \u00e0 tous les musiciens d\u2019orchestre.<\/p>","protected":false},"excerpt":{"rendered":"<p>par Robert Fraser, pr\u00e9sident de l\u2019OMOSC et membre de la section locale 247 (Victoria, C.-B.) L\u2019ann\u00e9e 2017 marque le sesquicentenaire (logophiles et joueurs de Scrabble, prenez ce mot en note!) de la Conf\u00e9d\u00e9ration. \u00c0 cette occasion, les orchestres de partout au Canada rendront hommage \u00e0 notre riche patrimoine musical. Le projet le plus ambitieux est [&hellip;]<\/p>\n","protected":false},"author":3,"featured_media":0,"comment_status":"closed","ping_status":"closed","sticky":false,"template":"","format":"standard","meta":{"_acf_changed":false,"footnotes":""},"categories":[1],"tags":[],"class_list":["post-2478","post","type-post","status-publish","format-standard","hentry","category-news"],"acf":[],"_links":{"self":[{"href":"https:\/\/www.afm.org\/fr\/wp-json\/wp\/v2\/posts\/2478","targetHints":{"allow":["GET"]}}],"collection":[{"href":"https:\/\/www.afm.org\/fr\/wp-json\/wp\/v2\/posts"}],"about":[{"href":"https:\/\/www.afm.org\/fr\/wp-json\/wp\/v2\/types\/post"}],"author":[{"embeddable":true,"href":"https:\/\/www.afm.org\/fr\/wp-json\/wp\/v2\/users\/3"}],"replies":[{"embeddable":true,"href":"https:\/\/www.afm.org\/fr\/wp-json\/wp\/v2\/comments?post=2478"}],"version-history":[{"count":0,"href":"https:\/\/www.afm.org\/fr\/wp-json\/wp\/v2\/posts\/2478\/revisions"}],"wp:attachment":[{"href":"https:\/\/www.afm.org\/fr\/wp-json\/wp\/v2\/media?parent=2478"}],"wp:term":[{"taxonomy":"category","embeddable":true,"href":"https:\/\/www.afm.org\/fr\/wp-json\/wp\/v2\/categories?post=2478"},{"taxonomy":"post_tag","embeddable":true,"href":"https:\/\/www.afm.org\/fr\/wp-json\/wp\/v2\/tags?post=2478"}],"curies":[{"name":"wp","href":"https:\/\/api.w.org\/{rel}","templated":true}]}}